{"id":4635,"date":"2026-04-30T12:27:00","date_gmt":"2026-04-30T10:27:00","guid":{"rendered":"https:\/\/hv-lebach.de\/?p=4635"},"modified":"2026-04-30T12:31:20","modified_gmt":"2026-04-30T10:31:20","slug":"nachruf-richard-wagner-ist-verstorben","status":"publish","type":"post","link":"https:\/\/hv-lebach.de\/?p=4635","title":{"rendered":"Nachruf &#8211; Richard Wagner ist verstorben"},"content":{"rendered":"\n<p>Der Historische Verein Lebach e. V. trauert um seinen Ehrenvorsitzenden Richard Wagner. <\/p>\n\n\n\n<p>Dieser verstarb am 23. April 2026 nach schwerer Krankheit im Alter von 86 Jahren. 2007 hatte er zusammen mit Egon Gro\u00df, Klaus Altmeier und anderen den Historischen Verein ge-gr\u00fcndet und dessen Vorsitz \u00fcbernommen. Ihr Anliegen war es, die Forschungen zur Ge-schichte Lebachs zu b\u00fcndeln und f\u00fcr jedermann zug\u00e4nglich zu machen. Mit dem Historischen Kalender Lebach, der jedes Jahr unter wechselnden Themen die Geschichte von Personen, Vereinen, und Geb\u00e4uden oder H\u00e4usern beleuchtet, gelingt dies immer wieder aufs Neue. Aber auch historische Ereignisse und Entwicklungen werden darin in Bild und Wort dargestellt.<\/p>\n\n\n\n<figure class=\"wp-block-image size-large\"><a href=\"https:\/\/hv-lebach.de\/wp-content\/uploads\/2026\/04\/Richard-Wagner.jpg\" target=\"_blank\" rel=\" noreferrer noopener\"><img loading=\"lazy\" decoding=\"async\" width=\"689\" height=\"1024\" src=\"https:\/\/hv-lebach.de\/wp-content\/uploads\/2026\/04\/Richard-Wagner-689x1024.jpg\" alt=\"\" class=\"wp-image-4636\" srcset=\"https:\/\/hv-lebach.de\/wp-content\/uploads\/2026\/04\/Richard-Wagner-689x1024.jpg 689w, https:\/\/hv-lebach.de\/wp-content\/uploads\/2026\/04\/Richard-Wagner-202x300.jpg 202w, https:\/\/hv-lebach.de\/wp-content\/uploads\/2026\/04\/Richard-Wagner-768x1142.jpg 768w, https:\/\/hv-lebach.de\/wp-content\/uploads\/2026\/04\/Richard-Wagner-1033x1536.jpg 1033w, https:\/\/hv-lebach.de\/wp-content\/uploads\/2026\/04\/Richard-Wagner-1378x2048.jpg 1378w, https:\/\/hv-lebach.de\/wp-content\/uploads\/2026\/04\/Richard-Wagner.jpg 1498w\" sizes=\"auto, (max-width: 689px) 100vw, 689px\" \/><\/a><\/figure>\n\n\n\n<p>Daneben hatte der gelernte Kaufmann Richard Wagner auch Gro\u00dfprojekte auf den Weg gebracht wie das Buch \u201eVon der Steinzeit bis ins 21. Jahrhundert \u2013 Die Geschichte der Stadt Le-bach\u201c. Auf knapp 650 Seiten bereitet darin der Autor Prof. Dr. Johannes Dillinger die Ge-schichte Lebach von der Antike bis in die Gegenwart auf. Ebenfalls als gro\u00dfer Wurf mit Richard Wagner als Herausgeber gilt das Buch \u201eGru\u00df aus Lebach \u2013 Ansichtskarten aus drei Jahrhunderten\u201c von 2019. Eindrucksvoll wird darin die bildliche Darstellung des Lebens in Lebach im Wandel der Zeit dokumentiert. <\/p>\n\n\n\n<p>Den Vorsitz im Historischen Verein Lebach e. V. legte er erst 2019 aus Altersgr\u00fcnden nieder. Bis zuletzt gab er als Ehrenvorsitzender wertvolle Anregungen und Hinweise f\u00fcr die Arbeit des Vereins. Das unerm\u00fcdliche ehrenamtliche Engagement Richard Wagners im Verkehrsverein, im Historischen Verein, im von ihm gegr\u00fcndeten Fotoclub und im Verein der Briefmarkensammler wurde 2020 von B\u00fcrgermeister Klauspeter Brill mit der \u201eEhrenmedaille f\u00fcr besondere Verdienste\u201c ausgezeichnet. <\/p>\n\n\n\n<p>Der Historische Verein Lebach wird Richard Wagner in dankbarer Erinnerung behalten.<\/p>\n\n\n\n<p><\/p>\n\n\n\n<p><em>Die Pfarrei St. Marien Lebach terminiert seine Beerdigung auf heute, 13:30 Uhr, auf dem Lebacher Friedhof in der Trierer Stra\u00dfe.<\/em><\/p>\n\n\n\n<p><\/p>\n","protected":false},"excerpt":{"rendered":"<p>Der Historische Verein Lebach e. V. trauert um seinen Ehrenvorsitzenden Richard Wagner. Dieser verstarb am 23. April 2026 nach schwerer Krankheit im Alter von 86 Jahren. 2007 hatte er zusammen mit Egon Gro\u00df, Klaus Altmeier und anderen den Historischen Verein ge-gr\u00fcndet und dessen Vorsitz \u00fcbernommen. Ihr Anliegen war es, die&#8230;<\/p>\n","protected":false},"author":3,"featured_media":3322,"comment_status":"closed","ping_status":"closed","sticky":false,"template":"","format":"standard","meta":{"ngg_post_thumbnail":0,"footnotes":""},"categories":[1],"tags":[],"class_list":["post-4635","post","type-post","status-publish","format-standard","has-post-thumbnail","hentry","category-allgemein"],"_links":{"self":[{"href":"https:\/\/hv-lebach.de\/index.php?rest_route=\/wp\/v2\/posts\/4635","targetHints":{"allow":["GET"]}}],"collection":[{"href":"https:\/\/hv-lebach.de\/index.php?rest_route=\/wp\/v2\/posts"}],"about":[{"href":"https:\/\/hv-lebach.de\/index.php?rest_route=\/wp\/v2\/types\/post"}],"author":[{"embeddable":true,"href":"https:\/\/hv-lebach.de\/index.php?rest_route=\/wp\/v2\/users\/3"}],"replies":[{"embeddable":true,"href":"https:\/\/hv-lebach.de\/index.php?rest_route=%2Fwp%2Fv2%2Fcomments&post=4635"}],"version-history":[{"count":3,"href":"https:\/\/hv-lebach.de\/index.php?rest_route=\/wp\/v2\/posts\/4635\/revisions"}],"predecessor-version":[{"id":4639,"href":"https:\/\/hv-lebach.de\/index.php?rest_route=\/wp\/v2\/posts\/4635\/revisions\/4639"}],"wp:featuredmedia":[{"embeddable":true,"href":"https:\/\/hv-lebach.de\/index.php?rest_route=\/wp\/v2\/media\/3322"}],"wp:attachment":[{"href":"https:\/\/hv-lebach.de\/index.php?rest_route=%2Fwp%2Fv2%2Fmedia&parent=4635"}],"wp:term":[{"taxonomy":"category","embeddable":true,"href":"https:\/\/hv-lebach.de\/index.php?rest_route=%2Fwp%2Fv2%2Fcategories&post=4635"},{"taxonomy":"post_tag","embeddable":true,"href":"https:\/\/hv-lebach.de\/index.php?rest_route=%2Fwp%2Fv2%2Ftags&post=4635"}],"curies":[{"name":"wp","href":"https:\/\/api.w.org\/{rel}","templated":true}]}}