{"id":658,"date":"2010-12-06T16:07:06","date_gmt":"2010-12-06T15:07:06","guid":{"rendered":"https:\/\/historischer-verein-lebach.de\/?p=658"},"modified":"2013-11-25T01:16:11","modified_gmt":"2013-11-25T00:16:11","slug":"pedersch-fritz","status":"publish","type":"post","link":"https:\/\/hv-lebach.de\/?p=658","title":{"rendered":"Pedersch Fritz"},"content":{"rendered":"<h2 style=\"text-align: justify;\">Gedenkschrift zum 20. Todestag des Zimmermanns Matthias Kallenborn im Jahr 1988<\/h2>\n<p style=\"text-align: justify;\">Wolfgang Riehm (vormals Lebach, jetzt Schillingen\/ Hunsr\u00fcck) wollte nicht, dass jener vergessen wird. Deshalb verfasste er 1988 zum 20. Todestag von Matthias Kallenborn, genannt Pedersch Fritz, eine Gedenkschrift, welche das sehr sozial ausgerichtete, am Gemeinwesen orientierte Leben dieses honorigen Mannes w\u00fcrdigen sollte.<\/p>\n<p style=\"text-align: justify;\"><a class=\"wpGallery\" title=\"Gedenkschrift &quot;Pedersch Fritz&quot;\" href=\"https:\/\/hv-lebach.de\/Dokumente\/Schriften\/Pedersch-Fritz_Gedenkschrift-1988.pdf\" target=\"_blank\"><img loading=\"lazy\" decoding=\"async\" class=\"aligncenter size-full wp-image-660\" title=\"k4a_450\" alt=\"\" src=\"wp-content\/uploads\/2010\/12\/k4a_450.jpg\" width=\"450\" height=\"432\" srcset=\"https:\/\/hv-lebach.de\/wp-content\/uploads\/2010\/12\/k4a_450.jpg 450w, https:\/\/hv-lebach.de\/wp-content\/uploads\/2010\/12\/k4a_450-300x288.jpg 300w\" sizes=\"auto, (max-width: 450px) 100vw, 450px\" \/><\/a><\/p>\n<p style=\"text-align: justify;\">Verbunden ist diese Gedenkschrift mit einzigartigen Ansichten eines vergangenen Zentrums unserer Heimatstadt, wo einmal Handel und Gewerbe bl\u00fchten &#8211; und auch die Zimmerei von Matthias Kallenborn stand. Dort, wo seit den 70er Jahren des vorangegangenen Jahrhunderts die Umgehungsstra\u00dfe &#8222;B 268&#8220; eine Betonschneise durch das historische Handels- und Gewerbezentrum schl\u00e4gt,\u00a0 befanden sich dereinst noble Gesch\u00e4fte. Leider ist dieses \u00f6konomische Herzst\u00fcck der vergangenen Lebacher Erfolgsgeschichte f\u00fcr immer verloren.<\/p>\n<p style=\"text-align: justify;\"><strong><span style=\"color: #0000ff;\"><a class=\"wpGallery\" title=\"Gedenkschrift &quot;Pedersch Fritz&quot;\" href=\"https:\/\/hv-lebach.de\/Dokumente\/Schriften\/Pedersch-Fritz_Gedenkschrift-1988.pdf\" target=\"_blank\"><span style=\"color: #0000ff;\">Wolfgang Riehm hat uns freundlicherweise erlaubt, die Schrift hier zu ver\u00f6ffentlichen (7,5 MB).<\/span><\/a><\/span><\/strong><\/p>\n<p style=\"text-align: justify;\">Daf\u00fcr danken wir ihm sehr.<\/p>\n<p style=\"text-align: justify;\">Lothar Schmidt<\/p>\n<p style=\"text-align: justify;\">P.S.:<\/p>\n<p style=\"text-align: justify;\"><strong><span style=\"color: #0000ff;\"><a class=\"wpGallery\" title=\"Pedersch Fritz\" href=\"https:\/\/hv-lebach.de\/Bilder\/Pedersch-Fritz\/index.htm\" target=\"_blank\"><span style=\"color: #0000ff;\">Die entsprechenden Fotos sind hier in einer Bildergalerie zusammengestellt.<\/span><\/a><\/span><\/strong><\/p>\n","protected":false},"excerpt":{"rendered":"<p>Gedenkschrift zum 20. Todestag des Zimmermanns Matthias Kallenborn im Jahr 1988 Wolfgang Riehm (vormals Lebach, jetzt Schillingen\/ Hunsr\u00fcck) wollte nicht, dass jener vergessen wird. Deshalb verfasste er 1988 zum 20. Todestag von Matthias Kallenborn, genannt Pedersch Fritz, eine Gedenkschrift, welche das sehr sozial ausgerichtete, am Gemeinwesen orientierte Leben dieses honorigen&#8230;<\/p>\n","protected":false},"author":3,"featured_media":0,"comment_status":"open","ping_status":"open","sticky":false,"template":"","format":"gallery","meta":{"ngg_post_thumbnail":0,"footnotes":""},"categories":[33,21],"tags":[144,142,145,141,143],"class_list":["post-658","post","type-post","status-publish","format-gallery","hentry","category-jahrestag-jubilaum","category-publikationen","tag-gedenkschrift","tag-matthias-kallenborn","tag-onnerschder-ecken","tag-pedersch-fritz","tag-wolfgang-riehm","post_format-post-format-gallery"],"_links":{"self":[{"href":"https:\/\/hv-lebach.de\/index.php?rest_route=\/wp\/v2\/posts\/658","targetHints":{"allow":["GET"]}}],"collection":[{"href":"https:\/\/hv-lebach.de\/index.php?rest_route=\/wp\/v2\/posts"}],"about":[{"href":"https:\/\/hv-lebach.de\/index.php?rest_route=\/wp\/v2\/types\/post"}],"author":[{"embeddable":true,"href":"https:\/\/hv-lebach.de\/index.php?rest_route=\/wp\/v2\/users\/3"}],"replies":[{"embeddable":true,"href":"https:\/\/hv-lebach.de\/index.php?rest_route=%2Fwp%2Fv2%2Fcomments&post=658"}],"version-history":[{"count":9,"href":"https:\/\/hv-lebach.de\/index.php?rest_route=\/wp\/v2\/posts\/658\/revisions"}],"predecessor-version":[{"id":1656,"href":"https:\/\/hv-lebach.de\/index.php?rest_route=\/wp\/v2\/posts\/658\/revisions\/1656"}],"wp:attachment":[{"href":"https:\/\/hv-lebach.de\/index.php?rest_route=%2Fwp%2Fv2%2Fmedia&parent=658"}],"wp:term":[{"taxonomy":"category","embeddable":true,"href":"https:\/\/hv-lebach.de\/index.php?rest_route=%2Fwp%2Fv2%2Fcategories&post=658"},{"taxonomy":"post_tag","embeddable":true,"href":"https:\/\/hv-lebach.de\/index.php?rest_route=%2Fwp%2Fv2%2Ftags&post=658"}],"curies":[{"name":"wp","href":"https:\/\/api.w.org\/{rel}","templated":true}]}}